{"id":18361,"date":"2010-12-11T14:35:57","date_gmt":"2010-12-11T13:35:57","guid":{"rendered":"https:\/\/www.terrecevico.com\/news-eng\/il-gruppo-cevico-di-assemblea-a-mandriole-ra\/"},"modified":"2010-12-11T14:35:57","modified_gmt":"2010-12-11T13:35:57","slug":"il-gruppo-cevico-di-assemblea-a-mandriole-ra","status":"publish","type":"post","link":"https:\/\/www.terrecevico.com\/en\/news-eng\/il-gruppo-cevico-di-assemblea-a-mandriole-ra\/","title":{"rendered":"Il Gruppo Cevico di assemblea a Mandriole (RA)"},"content":{"rendered":"<p>Venerdi 10 Dicembre il Gruppo Cevico ha svolto l&#8217;Assemblea annuale di bilancio presso la \u201cFattoria Guiccioli\u201d presso Mandriole di Ravenna, luogo in cui il 4 agosto 1849 mor\u00ec Anita Garibaldi.<\/p>\n<p>Il Gruppo Cevico, attraverso le due cantine di base, associa 4.500 famiglie di viticoltori e 9 grandi cooperative di conduzione terreni. Un vigneto di 6.600 ettari, che si estende dalle Colline Romagnole confinanti con la Toscana, fino ai terreni sabbiosi del parco del Delta del Po e al territorio di Rimini, sulla costa del mare Adriatico. L\u201980% del vigneto \u00e8 a Denominazione di origine Controllata o a Indicazione Geografica Tipica. La produzione media annuale ammonta a 130.000 tonnellate di uva, pari a un terzo dell\u2019intera produzione del territorio di influenza.<\/p>\n<p>Il sito in cui si sono svolti i lavori \u00e8 stato scelto anche per la concomitanza con la ricorrenza dei 150 anni dell&#8217;unit\u00e0 d&#8217;Italia ed \u00e8 stato recentemente oggetto di restaurato a cura della Federazione delle Cooperative di Ravenna e racchiude in se tutto lo spirito che animo&#8217; il risorgimento italiano.<\/p>\n<p>All&#8217;Assemblea erano presenti il Prof. Dino Mengozzi docente di Storia Contemporanea all\u2019Universit\u00e0 di Urbino, Giovanni Luppi Presidente Nazionale di Legacoop Agroalimentare, Giovanni Monti Presidente di Legacoop Ravenna, Lorenzo Cottignoli Presidente della Federazione delle Cooperative di Ravenna e per il Gruppo Cevico il Presidente Ruenza Santandrea, il Direttore Generale Lauro Giovannini, il Direttore Amministrativo Massimo Gallina, il Direttore Commerciale settore sfuso Sante Ricci. Il Vice Presidente del Cevico e Presidente della Coop Le Romagnole, Carlo Frulli, ha svolto le funzioni di Presidente dell\u2019Assemblea introducendone i lavori.<\/p>\n<p>Il Prof. Mengozzi ha aperto il lavori con una magistrale rievocazione storica del Risorgimento Italiano e della Trafila Garibaldina; una serie di eventi, azioni, prove e difficolt\u00e0 che i patrioti ravennati e del basso ferrarese dovettero affrontare per sottrarre Giuseppe Garibaldi all&#8217;inseguimento degli Austriaci.<\/p>\n<p>A seguire il Prof. Mengozzi il Direttore Amministrativo Massimo Gallina ha illustrato i dati relativi al bilancio di esercizio del Gruppo al 31 luglio 2010. I numeri sono risultati molto \u201cin ordine\u201d, evidenziando un patrimonio netto di 50,78 milioni di \u20ac ed un fatturato consolidato del Gruppo (Cevico, Le Romagnole, Cantina dei Colli Romagnoli, Le Romagnole Due, Due Tigli, Sprint Distillery, Winex e Tenuta Masselina) di 93 milioni di \u20ac. Il fatturato \u00e8 risultato essere in incremento del 16% rispetto all\u2019esercizio precedente e nello specifico l&#8217;export del prodotto confezionato \u00e8 praticamente raddoppiato. Il tutto con una struttura patrimoniale e finanziaria molto buona.<\/p>\n<p>Il Presidente Santandrea, nel suo intervento, ha voluto rimarcare l&#8217;importanza, in questa delicata fase storica dell&#8217;Italia, dei valori Risorgimentali dell&#8217;unit\u00e0, della libert\u00e0 e dello \u201cstare assieme\u201dcome elemento di forza e non come un vincolo di cui liberarsi, sottolineando come sia necessaria anche oggi una rinascita del pensiero, della cultura, dello spirito nazionale e dell&#8217;unit\u00e0. Il Presidente, evidenziando ulteriormente i dati positivi del bilancio, ha evidenziato poi come la cooperazione agricola si stia impegnando al massimo per affrontare la difficile crisi che il sistema economico italiano sta attraversando. Quello che si sta facendo \u00e8 molto, ma \u00e8 chiaro che non basta. I redditi in agricoltura sono costantemente in calo e se la vendemmia 2010 comincia ad evidenziare segnali di ripresa, l\u2019annata 2009 per le imprese agricole si \u00e8 confermata un vero disastro. Ma bisogna reagire ed andare avanti, sottolinea il Presidente, dicendosi convinta che il vino possa rappresentare un elemento di traino decisivo per la ripresa del settore agroalimentare italiano, grazie anche agli importanti sviluppi che il prodotto sta evidenziando nell&#8217;export.<\/p>\n<p>I lavori sono poi proseguiti con la relazione del Direttore Generale Lauro Giovannini, il quale ha efficacemente illustrato le strategie adottate dal Gruppo nell&#8217;affrontare sia i mercati interni che l&#8217;export. Il Direttore ha evidenziato come i paesi asiatici e dell&#8217;Est Europa si stiano rivelando particolarmente interessanti, con incrementi annuali in termini di volumi a \u201cdue cifre\u201d. Anche le marginalit\u00e0 in questi paesi sono interessanti ed elemento da non sottovalutare sono gli aiuti che l&#8217;Unione Europea riconosce alle aziende vitivinicole per la promozione proprio in ambito extra UE. Giovannini ha poi illustrato ai numerosi presenti (oltre 100) in sala il business plano del Gruppo per i prossimi anni, che prevede, tra l&#8217;altro, un profondo restyling della struttura lughese per renderla ancorch\u00e8 piu&#8217; bella esteticamente, molto piu&#8217; efficace e funzionale alle esigenze della moderna logistica.<\/p>\n<p>Il Direttore ha inoltre illustrato ai presenti il recente nuovo spot pubblicitario del vino Sancrispino, ideato e sviluppato sul legame indissolubile tra la vite, il lavoro dell&#8217;uomo e la terra; questi tre elementi \u201cassieme\u201d, spiega poi Giovannini, costituiscono le basi della \u201cmission\u201d aziendale che da sempre punta a rendere la filiera maggiormente coesa e sufficientemente remunerativa per il socio, al quale deve assolutamente essere riconosciuto il giusto merito per gli sforzi profusi in campagna. Sul fronte interno al Gruppo il Direttore tiene ad evidenziare gli sforzi profusi per contribuire allo sviluppo economico e sociale del territorio: nel 2009 le ore di lavoro che il Cevico ha retribuito sono state pari a 181.818, mentre nel 2010 sono ammontate a 218.390, evidenziando un incremento pari al 20,11%.<\/p>\n<p>I lavori sono proseguiti con una riflessione sullo stato della cooperazione ravennate da parte di Giovanni Monti, il quale ha evidenziato come molti degli attuali problemi dell&#8217;economia e dell&#8217;agricoltura in modo particolare dovranno trovare una soluzione nella progettualit\u00e0 delle imprese e dei sistemi associativi. L&#8217;Assemblea \u00e8 poi terminata con la relazione di Giovanni Luppi, che prendendo spunto dalla recente proposta di riforma della PAC da parte del Commissario Ciolos, ha evidenziato la necessit\u00e0 di muoversi in sintonia con le altre centrali cooperative, cercando un\u2019intesa politica anche con le organizzazioni professionali agricole, per affrontare seriamente i rischi conseguenti alla possibilit\u00e0 che gli aiuti diretti vengano distribuiti secondo un meccanismo premiante solo per chi possiede pi\u00f9 ettari di terreno senza valutare cosa e come produca, il tutto aggravato da una possibile assenza di una specifica OCM di settore.<\/p>\n<p>Il dibattito si \u00e8 sviluppato con gli interventi dell\u2019Assessore Provinciale all\u2019Agricoltura di Ravenna Libero Asioli, del responsabile Legacoop di Rimini Gilberto Grazia, del Presidente della Cantina dei Colli Romagnoli Silvano Dalprato.<\/p>\n<p>La giornata \u00e8 poi terminata con una apprezzata visita alla abitazione ed alla stanza in cui mor\u00ec Anita Garibaldi.<\/p>\n<p>&nbsp;<\/p>\n","protected":false},"excerpt":{"rendered":"<p>Venerdi 10 Dicembre il Gruppo Cevico ha svolto l&#8217;Assemblea annuale di bilancio presso la \u201cFattoria Guiccioli\u201d presso Mandriole di Ravenna, luogo in cui il 4 agosto 1849 mor\u00ec Anita Garibaldi. Il Gruppo Cevico, attraverso le due cantine di base, associa 4.500 famiglie di viticoltori e 9 grandi cooperative di conduzione terreni. Un vigneto di 6.600 [&hellip;]<\/p>\n","protected":false},"author":1,"featured_media":0,"comment_status":"closed","ping_status":"closed","sticky":false,"template":"","format":"standard","meta":{"_acf_changed":false,"inline_featured_image":false,"footnotes":""},"categories":[2],"tags":[],"class_list":["post-18361","post","type-post","status-publish","format-standard","hentry","category-news-eng"],"acf":[],"yoast_head":"<!-- This site is optimized with the Yoast SEO plugin v24.0 - https:\/\/yoast.com\/wordpress\/plugins\/seo\/ -->\n<title>Il Gruppo Cevico di assemblea a Mandriole (RA) - Terre Cevico<\/title>\n<meta name=\"robots\" content=\"index, follow, max-snippet:-1, max-image-preview:large, max-video-preview:-1\" \/>\n<link rel=\"canonical\" href=\"https:\/\/www.terrecevico.com\/en\/news-eng\/il-gruppo-cevico-di-assemblea-a-mandriole-ra\/\" \/>\n<meta property=\"og:locale\" content=\"en_US\" \/>\n<meta property=\"og:type\" content=\"article\" \/>\n<meta property=\"og:title\" content=\"Il Gruppo Cevico di assemblea a Mandriole (RA) - Terre Cevico\" \/>\n<meta property=\"og:description\" content=\"Venerdi 10 Dicembre il Gruppo Cevico ha svolto l&#8217;Assemblea annuale di bilancio presso la \u201cFattoria Guiccioli\u201d presso Mandriole di Ravenna, luogo in cui il 4 agosto 1849 mor\u00ec Anita Garibaldi. Il Gruppo Cevico, attraverso le due cantine di base, associa 4.500 famiglie di viticoltori e 9 grandi cooperative di conduzione terreni. Un vigneto di 6.600 [&hellip;]\" \/>\n<meta property=\"og:url\" content=\"https:\/\/www.terrecevico.com\/en\/news-eng\/il-gruppo-cevico-di-assemblea-a-mandriole-ra\/\" \/>\n<meta property=\"og:site_name\" content=\"Terre Cevico\" \/>\n<meta property=\"article:published_time\" content=\"2010-12-11T13:35:57+00:00\" \/>\n<meta name=\"author\" content=\"TC_admin\" \/>\n<meta name=\"twitter:card\" content=\"summary_large_image\" \/>\n<meta name=\"twitter:label1\" content=\"Written by\" \/>\n\t<meta name=\"twitter:data1\" content=\"TC_admin\" \/>\n\t<meta name=\"twitter:label2\" content=\"Est. reading time\" \/>\n\t<meta name=\"twitter:data2\" content=\"5 minutes\" \/>\n<script type=\"application\/ld+json\" class=\"yoast-schema-graph\">{\"@context\":\"https:\/\/schema.org\",\"@graph\":[{\"@type\":\"Article\",\"@id\":\"https:\/\/www.terrecevico.com\/en\/news-eng\/il-gruppo-cevico-di-assemblea-a-mandriole-ra\/#article\",\"isPartOf\":{\"@id\":\"https:\/\/www.terrecevico.com\/en\/news-eng\/il-gruppo-cevico-di-assemblea-a-mandriole-ra\/\"},\"author\":{\"name\":\"TC_admin\",\"@id\":\"https:\/\/www.terrecevico.com\/en\/#\/schema\/person\/9768205553621e9166c9d3300773b641\"},\"headline\":\"Il Gruppo Cevico di assemblea a Mandriole (RA)\",\"datePublished\":\"2010-12-11T13:35:57+00:00\",\"dateModified\":\"2010-12-11T13:35:57+00:00\",\"mainEntityOfPage\":{\"@id\":\"https:\/\/www.terrecevico.com\/en\/news-eng\/il-gruppo-cevico-di-assemblea-a-mandriole-ra\/\"},\"wordCount\":1000,\"publisher\":{\"@id\":\"https:\/\/www.terrecevico.com\/en\/#organization\"},\"articleSection\":[\"News\"],\"inLanguage\":\"en-US\"},{\"@type\":\"WebPage\",\"@id\":\"https:\/\/www.terrecevico.com\/en\/news-eng\/il-gruppo-cevico-di-assemblea-a-mandriole-ra\/\",\"url\":\"https:\/\/www.terrecevico.com\/en\/news-eng\/il-gruppo-cevico-di-assemblea-a-mandriole-ra\/\",\"name\":\"Il Gruppo Cevico di assemblea a Mandriole (RA) - Terre Cevico\",\"isPartOf\":{\"@id\":\"https:\/\/www.terrecevico.com\/en\/#website\"},\"datePublished\":\"2010-12-11T13:35:57+00:00\",\"dateModified\":\"2010-12-11T13:35:57+00:00\",\"breadcrumb\":{\"@id\":\"https:\/\/www.terrecevico.com\/en\/news-eng\/il-gruppo-cevico-di-assemblea-a-mandriole-ra\/#breadcrumb\"},\"inLanguage\":\"en-US\",\"potentialAction\":[{\"@type\":\"ReadAction\",\"target\":[\"https:\/\/www.terrecevico.com\/en\/news-eng\/il-gruppo-cevico-di-assemblea-a-mandriole-ra\/\"]}]},{\"@type\":\"BreadcrumbList\",\"@id\":\"https:\/\/www.terrecevico.com\/en\/news-eng\/il-gruppo-cevico-di-assemblea-a-mandriole-ra\/#breadcrumb\",\"itemListElement\":[{\"@type\":\"ListItem\",\"position\":1,\"name\":\"Home\",\"item\":\"https:\/\/www.terrecevico.com\/en\/\"},{\"@type\":\"ListItem\",\"position\":2,\"name\":\"Il Gruppo Cevico di assemblea a Mandriole (RA)\"}]},{\"@type\":\"WebSite\",\"@id\":\"https:\/\/www.terrecevico.com\/en\/#website\",\"url\":\"https:\/\/www.terrecevico.com\/en\/\",\"name\":\"Terre Cevico\",\"description\":\"\",\"publisher\":{\"@id\":\"https:\/\/www.terrecevico.com\/en\/#organization\"},\"potentialAction\":[{\"@type\":\"SearchAction\",\"target\":{\"@type\":\"EntryPoint\",\"urlTemplate\":\"https:\/\/www.terrecevico.com\/en\/?s={search_term_string}\"},\"query-input\":{\"@type\":\"PropertyValueSpecification\",\"valueRequired\":true,\"valueName\":\"search_term_string\"}}],\"inLanguage\":\"en-US\"},{\"@type\":\"Organization\",\"@id\":\"https:\/\/www.terrecevico.com\/en\/#organization\",\"name\":\"Gruppo Terre Cevico\",\"url\":\"https:\/\/www.terrecevico.com\/en\/\",\"logo\":{\"@type\":\"ImageObject\",\"inLanguage\":\"en-US\",\"@id\":\"https:\/\/www.terrecevico.com\/en\/#\/schema\/logo\/image\/\",\"url\":\"https:\/\/www.terrecevico.com\/wp-content\/uploads\/2018\/11\/cevico_favicon.png\",\"contentUrl\":\"https:\/\/www.terrecevico.com\/wp-content\/uploads\/2018\/11\/cevico_favicon.png\",\"width\":512,\"height\":512,\"caption\":\"Gruppo Terre Cevico\"},\"image\":{\"@id\":\"https:\/\/www.terrecevico.com\/en\/#\/schema\/logo\/image\/\"}},{\"@type\":\"Person\",\"@id\":\"https:\/\/www.terrecevico.com\/en\/#\/schema\/person\/9768205553621e9166c9d3300773b641\",\"name\":\"TC_admin\"}]}<\/script>\n<!-- \/ Yoast SEO plugin. -->","yoast_head_json":{"title":"Il Gruppo Cevico di assemblea a Mandriole (RA) - Terre Cevico","robots":{"index":"index","follow":"follow","max-snippet":"max-snippet:-1","max-image-preview":"max-image-preview:large","max-video-preview":"max-video-preview:-1"},"canonical":"https:\/\/www.terrecevico.com\/en\/news-eng\/il-gruppo-cevico-di-assemblea-a-mandriole-ra\/","og_locale":"en_US","og_type":"article","og_title":"Il Gruppo Cevico di assemblea a Mandriole (RA) - Terre Cevico","og_description":"Venerdi 10 Dicembre il Gruppo Cevico ha svolto l&#8217;Assemblea annuale di bilancio presso la \u201cFattoria Guiccioli\u201d presso Mandriole di Ravenna, luogo in cui il 4 agosto 1849 mor\u00ec Anita Garibaldi. Il Gruppo Cevico, attraverso le due cantine di base, associa 4.500 famiglie di viticoltori e 9 grandi cooperative di conduzione terreni. Un vigneto di 6.600 [&hellip;]","og_url":"https:\/\/www.terrecevico.com\/en\/news-eng\/il-gruppo-cevico-di-assemblea-a-mandriole-ra\/","og_site_name":"Terre Cevico","article_published_time":"2010-12-11T13:35:57+00:00","author":"TC_admin","twitter_card":"summary_large_image","twitter_misc":{"Written by":"TC_admin","Est. reading time":"5 minutes"},"schema":{"@context":"https:\/\/schema.org","@graph":[{"@type":"Article","@id":"https:\/\/www.terrecevico.com\/en\/news-eng\/il-gruppo-cevico-di-assemblea-a-mandriole-ra\/#article","isPartOf":{"@id":"https:\/\/www.terrecevico.com\/en\/news-eng\/il-gruppo-cevico-di-assemblea-a-mandriole-ra\/"},"author":{"name":"TC_admin","@id":"https:\/\/www.terrecevico.com\/en\/#\/schema\/person\/9768205553621e9166c9d3300773b641"},"headline":"Il Gruppo Cevico di assemblea a Mandriole (RA)","datePublished":"2010-12-11T13:35:57+00:00","dateModified":"2010-12-11T13:35:57+00:00","mainEntityOfPage":{"@id":"https:\/\/www.terrecevico.com\/en\/news-eng\/il-gruppo-cevico-di-assemblea-a-mandriole-ra\/"},"wordCount":1000,"publisher":{"@id":"https:\/\/www.terrecevico.com\/en\/#organization"},"articleSection":["News"],"inLanguage":"en-US"},{"@type":"WebPage","@id":"https:\/\/www.terrecevico.com\/en\/news-eng\/il-gruppo-cevico-di-assemblea-a-mandriole-ra\/","url":"https:\/\/www.terrecevico.com\/en\/news-eng\/il-gruppo-cevico-di-assemblea-a-mandriole-ra\/","name":"Il Gruppo Cevico di assemblea a Mandriole (RA) - Terre Cevico","isPartOf":{"@id":"https:\/\/www.terrecevico.com\/en\/#website"},"datePublished":"2010-12-11T13:35:57+00:00","dateModified":"2010-12-11T13:35:57+00:00","breadcrumb":{"@id":"https:\/\/www.terrecevico.com\/en\/news-eng\/il-gruppo-cevico-di-assemblea-a-mandriole-ra\/#breadcrumb"},"inLanguage":"en-US","potentialAction":[{"@type":"ReadAction","target":["https:\/\/www.terrecevico.com\/en\/news-eng\/il-gruppo-cevico-di-assemblea-a-mandriole-ra\/"]}]},{"@type":"BreadcrumbList","@id":"https:\/\/www.terrecevico.com\/en\/news-eng\/il-gruppo-cevico-di-assemblea-a-mandriole-ra\/#breadcrumb","itemListElement":[{"@type":"ListItem","position":1,"name":"Home","item":"https:\/\/www.terrecevico.com\/en\/"},{"@type":"ListItem","position":2,"name":"Il Gruppo Cevico di assemblea a Mandriole (RA)"}]},{"@type":"WebSite","@id":"https:\/\/www.terrecevico.com\/en\/#website","url":"https:\/\/www.terrecevico.com\/en\/","name":"Terre Cevico","description":"","publisher":{"@id":"https:\/\/www.terrecevico.com\/en\/#organization"},"potentialAction":[{"@type":"SearchAction","target":{"@type":"EntryPoint","urlTemplate":"https:\/\/www.terrecevico.com\/en\/?s={search_term_string}"},"query-input":{"@type":"PropertyValueSpecification","valueRequired":true,"valueName":"search_term_string"}}],"inLanguage":"en-US"},{"@type":"Organization","@id":"https:\/\/www.terrecevico.com\/en\/#organization","name":"Gruppo Terre Cevico","url":"https:\/\/www.terrecevico.com\/en\/","logo":{"@type":"ImageObject","inLanguage":"en-US","@id":"https:\/\/www.terrecevico.com\/en\/#\/schema\/logo\/image\/","url":"https:\/\/www.terrecevico.com\/wp-content\/uploads\/2018\/11\/cevico_favicon.png","contentUrl":"https:\/\/www.terrecevico.com\/wp-content\/uploads\/2018\/11\/cevico_favicon.png","width":512,"height":512,"caption":"Gruppo Terre Cevico"},"image":{"@id":"https:\/\/www.terrecevico.com\/en\/#\/schema\/logo\/image\/"}},{"@type":"Person","@id":"https:\/\/www.terrecevico.com\/en\/#\/schema\/person\/9768205553621e9166c9d3300773b641","name":"TC_admin"}]}},"wps_subtitle":"Venerdi 10 Dicembre il Gruppo Cevico ha svolto l'Assemblea annuale di bilancio  presso la \u201cFattoria Guiccioli\u201d presso Mandriole di Ravenna, luogo in cui il 4 agosto 1849 mor\u00ec Anita Garibaldi.","_links":{"self":[{"href":"https:\/\/www.terrecevico.com\/en\/wp-json\/wp\/v2\/posts\/18361","targetHints":{"allow":["GET"]}}],"collection":[{"href":"https:\/\/www.terrecevico.com\/en\/wp-json\/wp\/v2\/posts"}],"about":[{"href":"https:\/\/www.terrecevico.com\/en\/wp-json\/wp\/v2\/types\/post"}],"author":[{"embeddable":true,"href":"https:\/\/www.terrecevico.com\/en\/wp-json\/wp\/v2\/users\/1"}],"replies":[{"embeddable":true,"href":"https:\/\/www.terrecevico.com\/en\/wp-json\/wp\/v2\/comments?post=18361"}],"version-history":[{"count":0,"href":"https:\/\/www.terrecevico.com\/en\/wp-json\/wp\/v2\/posts\/18361\/revisions"}],"wp:attachment":[{"href":"https:\/\/www.terrecevico.com\/en\/wp-json\/wp\/v2\/media?parent=18361"}],"wp:term":[{"taxonomy":"category","embeddable":true,"href":"https:\/\/www.terrecevico.com\/en\/wp-json\/wp\/v2\/categories?post=18361"},{"taxonomy":"post_tag","embeddable":true,"href":"https:\/\/www.terrecevico.com\/en\/wp-json\/wp\/v2\/tags?post=18361"}],"curies":[{"name":"wp","href":"https:\/\/api.w.org\/{rel}","templated":true}]}}