{"id":18348,"date":"2013-01-22T14:24:13","date_gmt":"2013-01-22T13:24:13","guid":{"rendered":"https:\/\/www.terrecevico.com\/news-eng\/vendemmia-2012-ottima-qualita-ma-quantitativi-diminuiti\/"},"modified":"2013-01-22T14:24:13","modified_gmt":"2013-01-22T13:24:13","slug":"vendemmia-2012-ottima-qualita-ma-quantitativi-diminuiti","status":"publish","type":"post","link":"https:\/\/www.terrecevico.com\/en\/news-eng\/vendemmia-2012-ottima-qualita-ma-quantitativi-diminuiti\/","title":{"rendered":"Vendemmia 2012: ottima qualit\u00e0 ma quantitativi diminuiti"},"content":{"rendered":"<p style=\"font-weight: 400;\">Il clima secco ha determinato un 5-6% in meno di uva rispetto allo scorso anno. Si \u00e8 registrato un incremento dei prezzi delle uve rispetto al 2011 viste anche le scarse giacenze. Vogliamo mantenere stabile l\u2019equilibrio\u00a0\u00a0tra remunerazione del socio e capacit\u00e0 di spesa dell&#8217; individuo, che tende a ridursi per via della crisi economica. Grazie ai continui investimenti per il miglioramento della qualit\u00e0, all\u2019export in ascesa e alle richieste dai comparti dell\u2019alcol ad \u201cuso bocca\u201d prevediamo un mercato del vino orientato a prezzi importanti.<\/p>\n<p style=\"font-weight: 400;\">Il Presidente Santandrea sottolinea i pi\u00f9 importanti appuntamenti politici per il settore: \u201cSi parla della viticoltura come fonte di reddito, \u00e8 importante consolidare questo trend positivo; la discussione sulla riforma della PAC 2014\/2020 e quindi dell\u2019OCM unica ci vedr\u00e0 impegnati per la tutela dei soci. Insisteremo sulla\u00a0\u00a0vitivinicoltura basata sui vigneti, sul legame con il territorio, sulla conservazione degli ambienti naturali e sulla valorizzazione del patrimonio storico culturale; vino come risorsa e bene comune, made in Italy e valorizzazione delle produzioni DOP e IGP. Altro tema importante \u00e8 quello delle risorse idriche per l\u2019agricoltura, l\u2019assessorato regionale di concerto con quelli locali \u00e8 attivo nel ravennate, ma non \u00e8 cos\u00ec in tutta la Romagna. Occorre un supporto pi\u00f9 forte da parte della nostra politica nazionale che deve sposare l\u2019agricoltura quale leva fondamentale della ripresa del paese\u201d.<\/p>\n","protected":false},"excerpt":{"rendered":"<p>Il clima secco ha determinato un 5-6% in meno di uva rispetto allo scorso anno. Si \u00e8 registrato un incremento dei prezzi delle uve rispetto al 2011 viste anche le scarse giacenze. Vogliamo mantenere stabile l\u2019equilibrio\u00a0\u00a0tra remunerazione del socio e capacit\u00e0 di spesa dell&#8217; individuo, che tende a ridursi per via della crisi economica. Grazie [&hellip;]<\/p>\n","protected":false},"author":1,"featured_media":0,"comment_status":"closed","ping_status":"closed","sticky":false,"template":"","format":"standard","meta":{"_acf_changed":false,"inline_featured_image":false,"footnotes":""},"categories":[2],"tags":[],"class_list":["post-18348","post","type-post","status-publish","format-standard","hentry","category-news-eng"],"acf":[],"yoast_head":"<!-- This site is optimized with the Yoast SEO plugin v24.0 - https:\/\/yoast.com\/wordpress\/plugins\/seo\/ -->\n<title>Vendemmia 2012: ottima qualit\u00e0 ma quantitativi diminuiti - Terre Cevico<\/title>\n<meta name=\"robots\" content=\"index, follow, max-snippet:-1, max-image-preview:large, max-video-preview:-1\" \/>\n<link rel=\"canonical\" href=\"https:\/\/www.terrecevico.com\/en\/news-eng\/vendemmia-2012-ottima-qualita-ma-quantitativi-diminuiti\/\" \/>\n<meta property=\"og:locale\" content=\"en_US\" \/>\n<meta property=\"og:type\" content=\"article\" \/>\n<meta property=\"og:title\" content=\"Vendemmia 2012: ottima qualit\u00e0 ma quantitativi diminuiti - Terre Cevico\" \/>\n<meta property=\"og:description\" content=\"Il clima secco ha determinato un 5-6% in meno di uva rispetto allo scorso anno. Si \u00e8 registrato un incremento dei prezzi delle uve rispetto al 2011 viste anche le scarse giacenze. Vogliamo mantenere stabile l\u2019equilibrio\u00a0\u00a0tra remunerazione del socio e capacit\u00e0 di spesa dell&#8217; individuo, che tende a ridursi per via della crisi economica. Grazie [&hellip;]\" \/>\n<meta property=\"og:url\" content=\"https:\/\/www.terrecevico.com\/en\/news-eng\/vendemmia-2012-ottima-qualita-ma-quantitativi-diminuiti\/\" \/>\n<meta property=\"og:site_name\" content=\"Terre Cevico\" \/>\n<meta property=\"article:published_time\" content=\"2013-01-22T13:24:13+00:00\" \/>\n<meta name=\"author\" content=\"TC_admin\" \/>\n<meta name=\"twitter:card\" content=\"summary_large_image\" \/>\n<meta name=\"twitter:label1\" content=\"Written by\" \/>\n\t<meta name=\"twitter:data1\" content=\"TC_admin\" \/>\n\t<meta name=\"twitter:label2\" content=\"Est. reading time\" \/>\n\t<meta name=\"twitter:data2\" content=\"1 minute\" \/>\n<script type=\"application\/ld+json\" class=\"yoast-schema-graph\">{\"@context\":\"https:\/\/schema.org\",\"@graph\":[{\"@type\":\"Article\",\"@id\":\"https:\/\/www.terrecevico.com\/en\/news-eng\/vendemmia-2012-ottima-qualita-ma-quantitativi-diminuiti\/#article\",\"isPartOf\":{\"@id\":\"https:\/\/www.terrecevico.com\/en\/news-eng\/vendemmia-2012-ottima-qualita-ma-quantitativi-diminuiti\/\"},\"author\":{\"name\":\"TC_admin\",\"@id\":\"https:\/\/www.terrecevico.com\/en\/#\/schema\/person\/9768205553621e9166c9d3300773b641\"},\"headline\":\"Vendemmia 2012: ottima qualit\u00e0 ma quantitativi diminuiti\",\"datePublished\":\"2013-01-22T13:24:13+00:00\",\"dateModified\":\"2013-01-22T13:24:13+00:00\",\"mainEntityOfPage\":{\"@id\":\"https:\/\/www.terrecevico.com\/en\/news-eng\/vendemmia-2012-ottima-qualita-ma-quantitativi-diminuiti\/\"},\"wordCount\":226,\"publisher\":{\"@id\":\"https:\/\/www.terrecevico.com\/en\/#organization\"},\"articleSection\":[\"News\"],\"inLanguage\":\"en-US\"},{\"@type\":\"WebPage\",\"@id\":\"https:\/\/www.terrecevico.com\/en\/news-eng\/vendemmia-2012-ottima-qualita-ma-quantitativi-diminuiti\/\",\"url\":\"https:\/\/www.terrecevico.com\/en\/news-eng\/vendemmia-2012-ottima-qualita-ma-quantitativi-diminuiti\/\",\"name\":\"Vendemmia 2012: ottima qualit\u00e0 ma quantitativi diminuiti - Terre Cevico\",\"isPartOf\":{\"@id\":\"https:\/\/www.terrecevico.com\/en\/#website\"},\"datePublished\":\"2013-01-22T13:24:13+00:00\",\"dateModified\":\"2013-01-22T13:24:13+00:00\",\"breadcrumb\":{\"@id\":\"https:\/\/www.terrecevico.com\/en\/news-eng\/vendemmia-2012-ottima-qualita-ma-quantitativi-diminuiti\/#breadcrumb\"},\"inLanguage\":\"en-US\",\"potentialAction\":[{\"@type\":\"ReadAction\",\"target\":[\"https:\/\/www.terrecevico.com\/en\/news-eng\/vendemmia-2012-ottima-qualita-ma-quantitativi-diminuiti\/\"]}]},{\"@type\":\"BreadcrumbList\",\"@id\":\"https:\/\/www.terrecevico.com\/en\/news-eng\/vendemmia-2012-ottima-qualita-ma-quantitativi-diminuiti\/#breadcrumb\",\"itemListElement\":[{\"@type\":\"ListItem\",\"position\":1,\"name\":\"Home\",\"item\":\"https:\/\/www.terrecevico.com\/en\/\"},{\"@type\":\"ListItem\",\"position\":2,\"name\":\"Vendemmia 2012: ottima qualit\u00e0 ma quantitativi diminuiti\"}]},{\"@type\":\"WebSite\",\"@id\":\"https:\/\/www.terrecevico.com\/en\/#website\",\"url\":\"https:\/\/www.terrecevico.com\/en\/\",\"name\":\"Terre Cevico\",\"description\":\"\",\"publisher\":{\"@id\":\"https:\/\/www.terrecevico.com\/en\/#organization\"},\"potentialAction\":[{\"@type\":\"SearchAction\",\"target\":{\"@type\":\"EntryPoint\",\"urlTemplate\":\"https:\/\/www.terrecevico.com\/en\/?s={search_term_string}\"},\"query-input\":{\"@type\":\"PropertyValueSpecification\",\"valueRequired\":true,\"valueName\":\"search_term_string\"}}],\"inLanguage\":\"en-US\"},{\"@type\":\"Organization\",\"@id\":\"https:\/\/www.terrecevico.com\/en\/#organization\",\"name\":\"Gruppo Terre Cevico\",\"url\":\"https:\/\/www.terrecevico.com\/en\/\",\"logo\":{\"@type\":\"ImageObject\",\"inLanguage\":\"en-US\",\"@id\":\"https:\/\/www.terrecevico.com\/en\/#\/schema\/logo\/image\/\",\"url\":\"https:\/\/www.terrecevico.com\/wp-content\/uploads\/2018\/11\/cevico_favicon.png\",\"contentUrl\":\"https:\/\/www.terrecevico.com\/wp-content\/uploads\/2018\/11\/cevico_favicon.png\",\"width\":512,\"height\":512,\"caption\":\"Gruppo Terre Cevico\"},\"image\":{\"@id\":\"https:\/\/www.terrecevico.com\/en\/#\/schema\/logo\/image\/\"}},{\"@type\":\"Person\",\"@id\":\"https:\/\/www.terrecevico.com\/en\/#\/schema\/person\/9768205553621e9166c9d3300773b641\",\"name\":\"TC_admin\"}]}<\/script>\n<!-- \/ Yoast SEO plugin. -->","yoast_head_json":{"title":"Vendemmia 2012: ottima qualit\u00e0 ma quantitativi diminuiti - Terre Cevico","robots":{"index":"index","follow":"follow","max-snippet":"max-snippet:-1","max-image-preview":"max-image-preview:large","max-video-preview":"max-video-preview:-1"},"canonical":"https:\/\/www.terrecevico.com\/en\/news-eng\/vendemmia-2012-ottima-qualita-ma-quantitativi-diminuiti\/","og_locale":"en_US","og_type":"article","og_title":"Vendemmia 2012: ottima qualit\u00e0 ma quantitativi diminuiti - Terre Cevico","og_description":"Il clima secco ha determinato un 5-6% in meno di uva rispetto allo scorso anno. Si \u00e8 registrato un incremento dei prezzi delle uve rispetto al 2011 viste anche le scarse giacenze. Vogliamo mantenere stabile l\u2019equilibrio\u00a0\u00a0tra remunerazione del socio e capacit\u00e0 di spesa dell&#8217; individuo, che tende a ridursi per via della crisi economica. Grazie [&hellip;]","og_url":"https:\/\/www.terrecevico.com\/en\/news-eng\/vendemmia-2012-ottima-qualita-ma-quantitativi-diminuiti\/","og_site_name":"Terre Cevico","article_published_time":"2013-01-22T13:24:13+00:00","author":"TC_admin","twitter_card":"summary_large_image","twitter_misc":{"Written by":"TC_admin","Est. reading time":"1 minute"},"schema":{"@context":"https:\/\/schema.org","@graph":[{"@type":"Article","@id":"https:\/\/www.terrecevico.com\/en\/news-eng\/vendemmia-2012-ottima-qualita-ma-quantitativi-diminuiti\/#article","isPartOf":{"@id":"https:\/\/www.terrecevico.com\/en\/news-eng\/vendemmia-2012-ottima-qualita-ma-quantitativi-diminuiti\/"},"author":{"name":"TC_admin","@id":"https:\/\/www.terrecevico.com\/en\/#\/schema\/person\/9768205553621e9166c9d3300773b641"},"headline":"Vendemmia 2012: ottima qualit\u00e0 ma quantitativi diminuiti","datePublished":"2013-01-22T13:24:13+00:00","dateModified":"2013-01-22T13:24:13+00:00","mainEntityOfPage":{"@id":"https:\/\/www.terrecevico.com\/en\/news-eng\/vendemmia-2012-ottima-qualita-ma-quantitativi-diminuiti\/"},"wordCount":226,"publisher":{"@id":"https:\/\/www.terrecevico.com\/en\/#organization"},"articleSection":["News"],"inLanguage":"en-US"},{"@type":"WebPage","@id":"https:\/\/www.terrecevico.com\/en\/news-eng\/vendemmia-2012-ottima-qualita-ma-quantitativi-diminuiti\/","url":"https:\/\/www.terrecevico.com\/en\/news-eng\/vendemmia-2012-ottima-qualita-ma-quantitativi-diminuiti\/","name":"Vendemmia 2012: ottima qualit\u00e0 ma quantitativi diminuiti - Terre Cevico","isPartOf":{"@id":"https:\/\/www.terrecevico.com\/en\/#website"},"datePublished":"2013-01-22T13:24:13+00:00","dateModified":"2013-01-22T13:24:13+00:00","breadcrumb":{"@id":"https:\/\/www.terrecevico.com\/en\/news-eng\/vendemmia-2012-ottima-qualita-ma-quantitativi-diminuiti\/#breadcrumb"},"inLanguage":"en-US","potentialAction":[{"@type":"ReadAction","target":["https:\/\/www.terrecevico.com\/en\/news-eng\/vendemmia-2012-ottima-qualita-ma-quantitativi-diminuiti\/"]}]},{"@type":"BreadcrumbList","@id":"https:\/\/www.terrecevico.com\/en\/news-eng\/vendemmia-2012-ottima-qualita-ma-quantitativi-diminuiti\/#breadcrumb","itemListElement":[{"@type":"ListItem","position":1,"name":"Home","item":"https:\/\/www.terrecevico.com\/en\/"},{"@type":"ListItem","position":2,"name":"Vendemmia 2012: ottima qualit\u00e0 ma quantitativi diminuiti"}]},{"@type":"WebSite","@id":"https:\/\/www.terrecevico.com\/en\/#website","url":"https:\/\/www.terrecevico.com\/en\/","name":"Terre Cevico","description":"","publisher":{"@id":"https:\/\/www.terrecevico.com\/en\/#organization"},"potentialAction":[{"@type":"SearchAction","target":{"@type":"EntryPoint","urlTemplate":"https:\/\/www.terrecevico.com\/en\/?s={search_term_string}"},"query-input":{"@type":"PropertyValueSpecification","valueRequired":true,"valueName":"search_term_string"}}],"inLanguage":"en-US"},{"@type":"Organization","@id":"https:\/\/www.terrecevico.com\/en\/#organization","name":"Gruppo Terre Cevico","url":"https:\/\/www.terrecevico.com\/en\/","logo":{"@type":"ImageObject","inLanguage":"en-US","@id":"https:\/\/www.terrecevico.com\/en\/#\/schema\/logo\/image\/","url":"https:\/\/www.terrecevico.com\/wp-content\/uploads\/2018\/11\/cevico_favicon.png","contentUrl":"https:\/\/www.terrecevico.com\/wp-content\/uploads\/2018\/11\/cevico_favicon.png","width":512,"height":512,"caption":"Gruppo Terre Cevico"},"image":{"@id":"https:\/\/www.terrecevico.com\/en\/#\/schema\/logo\/image\/"}},{"@type":"Person","@id":"https:\/\/www.terrecevico.com\/en\/#\/schema\/person\/9768205553621e9166c9d3300773b641","name":"TC_admin"}]}},"wps_subtitle":"","_links":{"self":[{"href":"https:\/\/www.terrecevico.com\/en\/wp-json\/wp\/v2\/posts\/18348","targetHints":{"allow":["GET"]}}],"collection":[{"href":"https:\/\/www.terrecevico.com\/en\/wp-json\/wp\/v2\/posts"}],"about":[{"href":"https:\/\/www.terrecevico.com\/en\/wp-json\/wp\/v2\/types\/post"}],"author":[{"embeddable":true,"href":"https:\/\/www.terrecevico.com\/en\/wp-json\/wp\/v2\/users\/1"}],"replies":[{"embeddable":true,"href":"https:\/\/www.terrecevico.com\/en\/wp-json\/wp\/v2\/comments?post=18348"}],"version-history":[{"count":0,"href":"https:\/\/www.terrecevico.com\/en\/wp-json\/wp\/v2\/posts\/18348\/revisions"}],"wp:attachment":[{"href":"https:\/\/www.terrecevico.com\/en\/wp-json\/wp\/v2\/media?parent=18348"}],"wp:term":[{"taxonomy":"category","embeddable":true,"href":"https:\/\/www.terrecevico.com\/en\/wp-json\/wp\/v2\/categories?post=18348"},{"taxonomy":"post_tag","embeddable":true,"href":"https:\/\/www.terrecevico.com\/en\/wp-json\/wp\/v2\/tags?post=18348"}],"curies":[{"name":"wp","href":"https:\/\/api.w.org\/{rel}","templated":true}]}}