{"id":18324,"date":"2017-05-09T12:39:41","date_gmt":"2017-05-09T10:39:41","guid":{"rendered":"https:\/\/www.terrecevico.com\/news-eng\/il-gruppo-cevico-scommette-sul-biologico\/"},"modified":"2017-05-09T12:39:41","modified_gmt":"2017-05-09T10:39:41","slug":"il-gruppo-cevico-scommette-sul-biologico","status":"publish","type":"post","link":"https:\/\/www.terrecevico.com\/en\/news-eng\/il-gruppo-cevico-scommette-sul-biologico\/","title":{"rendered":"Il Gruppo Cevico scommette sul biologico"},"content":{"rendered":"<p>Si chiama \u201cb.io\u201d (bipuntoio) la scommessa di vini biologici del Gruppo Cevico. Una scommessa nel segno della sostenibilit\u00e0 sociale, economica e ambientale in cantina rivolta in modo particolare ai mercati oltreconfine. Il nome stesso della linea \u00e8 una chiara scelta di campo: \u201cb\u201d come buono e biologico; \u201cio\u201d come mi voglio bene e scelgo un vino che oltre a essere buono fa bene all\u2019ambiente.<\/p>\n<p>Il progetto ha preso il via con la certificazione biologica della Cantina dei Colli Romagnoli in un primo lavoro sul Sangiovese Romagna Doc, il rosso per antonomasia della Romagna poi con il Trebbiano Romagna DOC. Il progetto si \u00e8 poi concretizzato con una collaborazione allargata ad alcune importanti cooperative vinicole italiane come Colomba Bianca, il pi\u00f9 importante produttore di uve biologiche in Sicilia oltre che alla Cantina Formigine Pedemontana per il Lambrusco, con l\u2019ambizione di creare una filiera cooperativa del vino biologico italiano che diffonda la missione di sostenibilit\u00e0 nella viticoltura in Italia ed all\u2019estero.<\/p>\n<p>Per il momento la linea propone in Italia cinque vini: Sangiovese Romagna Doc, Lambrusco Emilia Igt, i siciliani Nero D\u2019Avola Cabernet Terre siciliane Igt e Catarratto Chardonnay Terre Siciliane Igt; l\u2019ultimo arrivato \u00e8 il Romagna Doc Trebbiano Spumante, presentato in anteprima a Vinitaly, proposta che allarga la gamma dei vitigni italiani su un progetto di valorizzazione del lavoro di qualit\u00e0 e sostenibilit\u00e0 sempre pi\u00f9 diffuso.<\/p>\n<p>Non \u00e8 un caso che questo progetto trae linfa in Romagna. L\u2019iniziativa infatti si inserisce nelle radici stesse di Cevico, la cui mission sin dalla nascita (1963) \u00e8 stata quella di rappresentare e promuovere una importantissima realt\u00e0 agronomica quale la viticultura romagnola, dando valore al suo frutto (uva) e al lavoro di coloro che quotidianamente la curano (viticoltori). Il Gruppo cooperativo oggi rappresenta oltre 5000 famiglie di viticoltori su oltre 7mila ettari di vigna e ha fra gli obiettivi progetti di sostenibilit\u00e0 economica, sociale ed ambientale di cui il biologico rappresenta la massima espressione.<\/p>\n<p>Oggi la viticultura in Romagna \u00e8 rappresentata principalmente da vigneti di piccola estensione, spesso inferiore ai 3 ettari, dimensione che non consente una sostenibilit\u00e0 economica e commerciale dell\u2019uva. In Cevico i soci viticoltori hanno trovato la possibilit\u00e0 di valorizzare la propria produzione permettendo alle famiglie che vivono in campagna di seguire la tradizione e dare un lavoro alle future generazioni. Il mantenimento della cultura vinicola locale su piccole estensioni promuovendo i vitigni autoctoni permette inoltre di preservare le immagini dei territori a cui siamo abituati con pianure e colline dove le vigne si alternano a campi e frutteti. E solo cos\u00ec, lavorando quotidianamente sul territorio, a stretto contatto con i viticoltori che nasce un buon vino di qualit\u00e0 in cantina.<\/p>\n<p>Il progetto b.io nasce su questa strada, gi\u00e0 iniziata con l\u2019applicazione della lotta integrata verso per lo sviluppo e la sostenibilit\u00e0 a 360 gradi, che coinvolge tutti gli stakeholder: dai viticoltori fino ai consumatori per portare a tavola vini buoni, di qualit\u00e0 ed ora prodotti in modo ancora pi\u00f9 sostenibile.<\/p>\n<p>&nbsp;<\/p>\n","protected":false},"excerpt":{"rendered":"<p>Si chiama \u201cb.io\u201d (bipuntoio) la scommessa di vini biologici del Gruppo Cevico. Una scommessa nel segno della sostenibilit\u00e0 sociale, economica e ambientale in cantina rivolta in modo particolare ai mercati oltreconfine. Il nome stesso della linea \u00e8 una chiara scelta di campo: \u201cb\u201d come buono e biologico; \u201cio\u201d come mi voglio bene e scelgo un [&hellip;]<\/p>\n","protected":false},"author":1,"featured_media":0,"comment_status":"closed","ping_status":"closed","sticky":false,"template":"","format":"standard","meta":{"_acf_changed":false,"inline_featured_image":false,"footnotes":""},"categories":[2],"tags":[],"class_list":["post-18324","post","type-post","status-publish","format-standard","hentry","category-news-eng"],"acf":[],"yoast_head":"<!-- This site is optimized with the Yoast SEO plugin v24.0 - https:\/\/yoast.com\/wordpress\/plugins\/seo\/ -->\n<title>Il Gruppo Cevico scommette sul biologico - Terre Cevico<\/title>\n<meta name=\"robots\" content=\"index, follow, max-snippet:-1, max-image-preview:large, max-video-preview:-1\" \/>\n<link rel=\"canonical\" href=\"https:\/\/www.terrecevico.com\/en\/news-eng\/il-gruppo-cevico-scommette-sul-biologico\/\" \/>\n<meta property=\"og:locale\" content=\"en_US\" \/>\n<meta property=\"og:type\" content=\"article\" \/>\n<meta property=\"og:title\" content=\"Il Gruppo Cevico scommette sul biologico - Terre Cevico\" \/>\n<meta property=\"og:description\" content=\"Si chiama \u201cb.io\u201d (bipuntoio) la scommessa di vini biologici del Gruppo Cevico. Una scommessa nel segno della sostenibilit\u00e0 sociale, economica e ambientale in cantina rivolta in modo particolare ai mercati oltreconfine. Il nome stesso della linea \u00e8 una chiara scelta di campo: \u201cb\u201d come buono e biologico; \u201cio\u201d come mi voglio bene e scelgo un [&hellip;]\" \/>\n<meta property=\"og:url\" content=\"https:\/\/www.terrecevico.com\/en\/news-eng\/il-gruppo-cevico-scommette-sul-biologico\/\" \/>\n<meta property=\"og:site_name\" content=\"Terre Cevico\" \/>\n<meta property=\"article:published_time\" content=\"2017-05-09T10:39:41+00:00\" \/>\n<meta name=\"author\" content=\"TC_admin\" \/>\n<meta name=\"twitter:card\" content=\"summary_large_image\" \/>\n<meta name=\"twitter:label1\" content=\"Written by\" \/>\n\t<meta name=\"twitter:data1\" content=\"TC_admin\" \/>\n\t<meta name=\"twitter:label2\" content=\"Est. reading time\" \/>\n\t<meta name=\"twitter:data2\" content=\"2 minutes\" \/>\n<script type=\"application\/ld+json\" class=\"yoast-schema-graph\">{\"@context\":\"https:\/\/schema.org\",\"@graph\":[{\"@type\":\"Article\",\"@id\":\"https:\/\/www.terrecevico.com\/en\/news-eng\/il-gruppo-cevico-scommette-sul-biologico\/#article\",\"isPartOf\":{\"@id\":\"https:\/\/www.terrecevico.com\/en\/news-eng\/il-gruppo-cevico-scommette-sul-biologico\/\"},\"author\":{\"name\":\"TC_admin\",\"@id\":\"https:\/\/www.terrecevico.com\/en\/#\/schema\/person\/9768205553621e9166c9d3300773b641\"},\"headline\":\"Il Gruppo Cevico scommette sul biologico\",\"datePublished\":\"2017-05-09T10:39:41+00:00\",\"dateModified\":\"2017-05-09T10:39:41+00:00\",\"mainEntityOfPage\":{\"@id\":\"https:\/\/www.terrecevico.com\/en\/news-eng\/il-gruppo-cevico-scommette-sul-biologico\/\"},\"wordCount\":495,\"publisher\":{\"@id\":\"https:\/\/www.terrecevico.com\/en\/#organization\"},\"articleSection\":[\"News\"],\"inLanguage\":\"en-US\"},{\"@type\":\"WebPage\",\"@id\":\"https:\/\/www.terrecevico.com\/en\/news-eng\/il-gruppo-cevico-scommette-sul-biologico\/\",\"url\":\"https:\/\/www.terrecevico.com\/en\/news-eng\/il-gruppo-cevico-scommette-sul-biologico\/\",\"name\":\"Il Gruppo Cevico scommette sul biologico - Terre Cevico\",\"isPartOf\":{\"@id\":\"https:\/\/www.terrecevico.com\/en\/#website\"},\"datePublished\":\"2017-05-09T10:39:41+00:00\",\"dateModified\":\"2017-05-09T10:39:41+00:00\",\"breadcrumb\":{\"@id\":\"https:\/\/www.terrecevico.com\/en\/news-eng\/il-gruppo-cevico-scommette-sul-biologico\/#breadcrumb\"},\"inLanguage\":\"en-US\",\"potentialAction\":[{\"@type\":\"ReadAction\",\"target\":[\"https:\/\/www.terrecevico.com\/en\/news-eng\/il-gruppo-cevico-scommette-sul-biologico\/\"]}]},{\"@type\":\"BreadcrumbList\",\"@id\":\"https:\/\/www.terrecevico.com\/en\/news-eng\/il-gruppo-cevico-scommette-sul-biologico\/#breadcrumb\",\"itemListElement\":[{\"@type\":\"ListItem\",\"position\":1,\"name\":\"Home\",\"item\":\"https:\/\/www.terrecevico.com\/en\/\"},{\"@type\":\"ListItem\",\"position\":2,\"name\":\"Il Gruppo Cevico scommette sul biologico\"}]},{\"@type\":\"WebSite\",\"@id\":\"https:\/\/www.terrecevico.com\/en\/#website\",\"url\":\"https:\/\/www.terrecevico.com\/en\/\",\"name\":\"Terre Cevico\",\"description\":\"\",\"publisher\":{\"@id\":\"https:\/\/www.terrecevico.com\/en\/#organization\"},\"potentialAction\":[{\"@type\":\"SearchAction\",\"target\":{\"@type\":\"EntryPoint\",\"urlTemplate\":\"https:\/\/www.terrecevico.com\/en\/?s={search_term_string}\"},\"query-input\":{\"@type\":\"PropertyValueSpecification\",\"valueRequired\":true,\"valueName\":\"search_term_string\"}}],\"inLanguage\":\"en-US\"},{\"@type\":\"Organization\",\"@id\":\"https:\/\/www.terrecevico.com\/en\/#organization\",\"name\":\"Gruppo Terre Cevico\",\"url\":\"https:\/\/www.terrecevico.com\/en\/\",\"logo\":{\"@type\":\"ImageObject\",\"inLanguage\":\"en-US\",\"@id\":\"https:\/\/www.terrecevico.com\/en\/#\/schema\/logo\/image\/\",\"url\":\"https:\/\/www.terrecevico.com\/wp-content\/uploads\/2018\/11\/cevico_favicon.png\",\"contentUrl\":\"https:\/\/www.terrecevico.com\/wp-content\/uploads\/2018\/11\/cevico_favicon.png\",\"width\":512,\"height\":512,\"caption\":\"Gruppo Terre Cevico\"},\"image\":{\"@id\":\"https:\/\/www.terrecevico.com\/en\/#\/schema\/logo\/image\/\"}},{\"@type\":\"Person\",\"@id\":\"https:\/\/www.terrecevico.com\/en\/#\/schema\/person\/9768205553621e9166c9d3300773b641\",\"name\":\"TC_admin\"}]}<\/script>\n<!-- \/ Yoast SEO plugin. -->","yoast_head_json":{"title":"Il Gruppo Cevico scommette sul biologico - Terre Cevico","robots":{"index":"index","follow":"follow","max-snippet":"max-snippet:-1","max-image-preview":"max-image-preview:large","max-video-preview":"max-video-preview:-1"},"canonical":"https:\/\/www.terrecevico.com\/en\/news-eng\/il-gruppo-cevico-scommette-sul-biologico\/","og_locale":"en_US","og_type":"article","og_title":"Il Gruppo Cevico scommette sul biologico - Terre Cevico","og_description":"Si chiama \u201cb.io\u201d (bipuntoio) la scommessa di vini biologici del Gruppo Cevico. Una scommessa nel segno della sostenibilit\u00e0 sociale, economica e ambientale in cantina rivolta in modo particolare ai mercati oltreconfine. Il nome stesso della linea \u00e8 una chiara scelta di campo: \u201cb\u201d come buono e biologico; \u201cio\u201d come mi voglio bene e scelgo un [&hellip;]","og_url":"https:\/\/www.terrecevico.com\/en\/news-eng\/il-gruppo-cevico-scommette-sul-biologico\/","og_site_name":"Terre Cevico","article_published_time":"2017-05-09T10:39:41+00:00","author":"TC_admin","twitter_card":"summary_large_image","twitter_misc":{"Written by":"TC_admin","Est. reading time":"2 minutes"},"schema":{"@context":"https:\/\/schema.org","@graph":[{"@type":"Article","@id":"https:\/\/www.terrecevico.com\/en\/news-eng\/il-gruppo-cevico-scommette-sul-biologico\/#article","isPartOf":{"@id":"https:\/\/www.terrecevico.com\/en\/news-eng\/il-gruppo-cevico-scommette-sul-biologico\/"},"author":{"name":"TC_admin","@id":"https:\/\/www.terrecevico.com\/en\/#\/schema\/person\/9768205553621e9166c9d3300773b641"},"headline":"Il Gruppo Cevico scommette sul biologico","datePublished":"2017-05-09T10:39:41+00:00","dateModified":"2017-05-09T10:39:41+00:00","mainEntityOfPage":{"@id":"https:\/\/www.terrecevico.com\/en\/news-eng\/il-gruppo-cevico-scommette-sul-biologico\/"},"wordCount":495,"publisher":{"@id":"https:\/\/www.terrecevico.com\/en\/#organization"},"articleSection":["News"],"inLanguage":"en-US"},{"@type":"WebPage","@id":"https:\/\/www.terrecevico.com\/en\/news-eng\/il-gruppo-cevico-scommette-sul-biologico\/","url":"https:\/\/www.terrecevico.com\/en\/news-eng\/il-gruppo-cevico-scommette-sul-biologico\/","name":"Il Gruppo Cevico scommette sul biologico - Terre Cevico","isPartOf":{"@id":"https:\/\/www.terrecevico.com\/en\/#website"},"datePublished":"2017-05-09T10:39:41+00:00","dateModified":"2017-05-09T10:39:41+00:00","breadcrumb":{"@id":"https:\/\/www.terrecevico.com\/en\/news-eng\/il-gruppo-cevico-scommette-sul-biologico\/#breadcrumb"},"inLanguage":"en-US","potentialAction":[{"@type":"ReadAction","target":["https:\/\/www.terrecevico.com\/en\/news-eng\/il-gruppo-cevico-scommette-sul-biologico\/"]}]},{"@type":"BreadcrumbList","@id":"https:\/\/www.terrecevico.com\/en\/news-eng\/il-gruppo-cevico-scommette-sul-biologico\/#breadcrumb","itemListElement":[{"@type":"ListItem","position":1,"name":"Home","item":"https:\/\/www.terrecevico.com\/en\/"},{"@type":"ListItem","position":2,"name":"Il Gruppo Cevico scommette sul biologico"}]},{"@type":"WebSite","@id":"https:\/\/www.terrecevico.com\/en\/#website","url":"https:\/\/www.terrecevico.com\/en\/","name":"Terre Cevico","description":"","publisher":{"@id":"https:\/\/www.terrecevico.com\/en\/#organization"},"potentialAction":[{"@type":"SearchAction","target":{"@type":"EntryPoint","urlTemplate":"https:\/\/www.terrecevico.com\/en\/?s={search_term_string}"},"query-input":{"@type":"PropertyValueSpecification","valueRequired":true,"valueName":"search_term_string"}}],"inLanguage":"en-US"},{"@type":"Organization","@id":"https:\/\/www.terrecevico.com\/en\/#organization","name":"Gruppo Terre Cevico","url":"https:\/\/www.terrecevico.com\/en\/","logo":{"@type":"ImageObject","inLanguage":"en-US","@id":"https:\/\/www.terrecevico.com\/en\/#\/schema\/logo\/image\/","url":"https:\/\/www.terrecevico.com\/wp-content\/uploads\/2018\/11\/cevico_favicon.png","contentUrl":"https:\/\/www.terrecevico.com\/wp-content\/uploads\/2018\/11\/cevico_favicon.png","width":512,"height":512,"caption":"Gruppo Terre Cevico"},"image":{"@id":"https:\/\/www.terrecevico.com\/en\/#\/schema\/logo\/image\/"}},{"@type":"Person","@id":"https:\/\/www.terrecevico.com\/en\/#\/schema\/person\/9768205553621e9166c9d3300773b641","name":"TC_admin"}]}},"wps_subtitle":"La scommessa di Cevico nel segno della sostenibilit\u00e0","_links":{"self":[{"href":"https:\/\/www.terrecevico.com\/en\/wp-json\/wp\/v2\/posts\/18324","targetHints":{"allow":["GET"]}}],"collection":[{"href":"https:\/\/www.terrecevico.com\/en\/wp-json\/wp\/v2\/posts"}],"about":[{"href":"https:\/\/www.terrecevico.com\/en\/wp-json\/wp\/v2\/types\/post"}],"author":[{"embeddable":true,"href":"https:\/\/www.terrecevico.com\/en\/wp-json\/wp\/v2\/users\/1"}],"replies":[{"embeddable":true,"href":"https:\/\/www.terrecevico.com\/en\/wp-json\/wp\/v2\/comments?post=18324"}],"version-history":[{"count":0,"href":"https:\/\/www.terrecevico.com\/en\/wp-json\/wp\/v2\/posts\/18324\/revisions"}],"wp:attachment":[{"href":"https:\/\/www.terrecevico.com\/en\/wp-json\/wp\/v2\/media?parent=18324"}],"wp:term":[{"taxonomy":"category","embeddable":true,"href":"https:\/\/www.terrecevico.com\/en\/wp-json\/wp\/v2\/categories?post=18324"},{"taxonomy":"post_tag","embeddable":true,"href":"https:\/\/www.terrecevico.com\/en\/wp-json\/wp\/v2\/tags?post=18324"}],"curies":[{"name":"wp","href":"https:\/\/api.w.org\/{rel}","templated":true}]}}